{"id":793,"date":"2025-09-01T11:32:45","date_gmt":"2025-09-01T10:32:45","guid":{"rendered":"https:\/\/servizilegali.org\/?p=793"},"modified":"2025-09-01T11:32:45","modified_gmt":"2025-09-01T10:32:45","slug":"attivita-di-direzione-e-coordinamento-dc-tra-imprese-rapporto-di-dipendenza-e-abuso","status":"publish","type":"post","link":"https:\/\/servizilegali.org\/?p=793","title":{"rendered":"Attivit\u00e0 di direzione e coordinamento (D&#038;C) tra imprese: rapporto di dipendenza e abuso."},"content":{"rendered":"<p style=\"text-align: justify;\"><span data-huuid=\"7796931967432379752\"><img loading=\"lazy\" decoding=\"async\" class=\"alignleft size-thumbnail wp-image-632\" src=\"https:\/\/servizilegali.org\/wp-content\/uploads\/2018\/11\/scales_black-150x150.png\" alt=\"\" width=\"150\" height=\"150\" \/>L&#8217;attivit\u00e0 di direzione e coordinamento (D&amp;C) <\/span>\u00e8 stata introdotta nel Codice Civile, dall\u2019art. 5 del D. Lgs 17\/1\/2003 n. 6. Di norma, la fattispecie evoca il <strong>\u201cgruppo\u201d societario<\/strong>, ossia una realt\u00e0 complessa ed articolata nella quale, in diverse forme, pi\u00f9 societ\u00e0 agiscono in modo tra loro coordinato.<\/p>\n<p style=\"text-align: justify;\">Tuttavia<strong>\u00a0l\u2019attivit\u00e0 di \u201cdirezione e coordinamento di societ\u00e0\u201d pu\u00f2 riguardare anche il rapporto tra due sole societ\u00e0<\/strong> e questa circostanza amplia in modo significativo l\u2019incidenza di tali norme sulla realt\u00e0 del tessuto economico ed in particolare la possibile applicazione della norma cardine della novella sopra menzionata, ossia l\u2019art. 2497 c.c., che disciplina la responsabilit\u00e0 per l\u2019esercizio \u201cabusivo\u201d di tale attivit\u00e0.<\/p>\n<p style=\"text-align: justify;\">Il <span class=\"fontstyle0\">Tribunale di Firenze\u00a0 -30\/12\/2024, <\/span><span class=\"fontstyle0\">n. <\/span><span class=\"fontstyle0\">4164\/2024- chiarisce la necessit\u00e0 di un quid pluris richiesto per la configurazione della responsabilit\u00e0 risarcitoria connessa all&#8217;abuso.<\/span><\/p>\n<p style=\"text-align: justify;\"><span class=\"fontstyle0\">La <\/span><span class=\"fontstyle0\">responsabilit\u00e0 ex <\/span><span class=\"fontstyle0\">art. <\/span><span class=\"fontstyle0\">2497 c.c. per <\/span><span class=\"fontstyle0\">abuso <\/span><span class=\"fontstyle0\">dell&#8217;attivit\u00e0 di direzione e coordinamento presuppone l&#8217;effettivo esercizio, <\/span><span class=\"fontstyle0\">da parte della <\/span><span class=\"fontstyle0\">societ\u00e0 dominante, di poteri gestionali sistematici e vincolanti, tali <\/span><span class=\"fontstyle0\">da <\/span><span class=\"fontstyle0\">incidere <\/span><span class=\"fontstyle0\">sulle scelte <\/span><span class=\"fontstyle0\">strategiche e operative <\/span><span class=\"fontstyle0\">della <\/span><span class=\"fontstyle0\">societ\u00e0 eterodiretta, in violazione dei principi di <\/span><span class=\"fontstyle0\">corretta <\/span><span class=\"fontstyle0\">gestione societaria e imprenditoriale, e <\/span><span class=\"fontstyle0\">da <\/span><span class=\"fontstyle0\">determinare un <\/span><span class=\"fontstyle0\">danno <\/span><span class=\"fontstyle0\">diretto e <\/span><span class=\"fontstyle0\">causalmente <\/span><span class=\"fontstyle0\">ricollegabile alla <\/span><span class=\"fontstyle0\">condotta <\/span><span class=\"fontstyle0\">abusiva.<\/span><\/p>\n<p style=\"text-align: justify;\"><span class=\"fontstyle0\">Si considera &#8220;dipendenza economica&#8221; <\/span><span class=\"fontstyle0\">la <\/span><span class=\"fontstyle0\">situazione in cui un&#8217;impresa sia in <\/span><span class=\"fontstyle0\">grado <\/span><span class=\"fontstyle0\">di determinare, nei rapporti commerciali con un&#8217;altra, un eccessivo squilibrio di diritti e di obblighi; situazione <\/span><span class=\"fontstyle0\">da <\/span><span class=\"fontstyle0\">valutarsi <\/span><span class=\"fontstyle0\">tenendo conto della <\/span><span class=\"fontstyle0\">possibilit\u00e0 effettiva <\/span><span class=\"fontstyle0\">della parte contraente c.d. <\/span><span class=\"fontstyle0\">&#8220;debole&#8221; di reperire <\/span><span class=\"fontstyle0\">sul mercato <\/span><span class=\"fontstyle0\">alternative soddisfacenti. <\/span><span class=\"fontstyle0\">La <\/span><span class=\"fontstyle0\">mera dipendenza economica &#8211; intesa come squilibrio nei rapporti commerciali- non \u00e8 sufficiente a integrare <\/span><span class=\"fontstyle0\">la <\/span><span class=\"fontstyle0\">fattispecie, n\u00e9 pu\u00f2 automaticamente far presumere l&#8217;esistenza di un controllo <\/span><span class=\"fontstyle0\">contrattuale <\/span><span class=\"fontstyle0\">rilevante ai sensi <\/span><span class=\"fontstyle0\">dell&#8217;art. <\/span><span class=\"fontstyle0\">2359, comma 1, n. 3 c.c.<\/span><\/p>\n<p style=\"text-align: justify;\"><span class=\"fontstyle0\">Il controllo contrattuale <\/span><span class=\"fontstyle0\">rileva ai fini <\/span><span class=\"fontstyle0\">dell&#8217;art. <\/span><span class=\"fontstyle0\">2497 c.c. <\/span><span class=\"fontstyle0\">solo <\/span><span class=\"fontstyle0\">se si <\/span><span class=\"fontstyle0\">traduce <\/span><span class=\"fontstyle0\">in una influenza dominante <\/span><span class=\"fontstyle0\">che <\/span><span class=\"fontstyle0\">priva <\/span><span class=\"fontstyle0\">la <\/span><span class=\"fontstyle0\">societ\u00e0 eterodiretta <\/span><span class=\"fontstyle0\">della <\/span><span class=\"fontstyle0\">propria autonomia decisionale, mediante vincoli negoziali &#8220;particolari&#8221; <\/span><span class=\"fontstyle0\">che <\/span><span class=\"fontstyle0\">condizionano direttamente <\/span><span class=\"fontstyle0\">la <\/span><span class=\"fontstyle0\">sua capacit\u00e0 imprenditoriale. <\/span><span class=\"fontstyle0\">Il <\/span><span class=\"fontstyle0\">quid pluris richiesto <\/span><span class=\"fontstyle0\">dalla <\/span><span class=\"fontstyle0\">norma, <\/span><span class=\"fontstyle0\">nel momento <\/span><span class=\"fontstyle0\">in cui impone <\/span><span class=\"fontstyle0\">che <\/span><span class=\"fontstyle0\">i vincoli contrattuali, oltrech\u00e9 rilevabili in maniera oggettiva, siano &#8220;particolari&#8221;, invero, consiste <\/span><span class=\"fontstyle0\">nel <\/span><span class=\"fontstyle0\">fatto che, sulla <\/span><span class=\"fontstyle0\">scorta <\/span><span class=\"fontstyle0\">di detti vincoli, <\/span><span class=\"fontstyle0\">la controllata <\/span><span class=\"fontstyle0\">non possa <\/span><span class=\"fontstyle0\">autonomamente <\/span><span class=\"fontstyle0\">determinare <\/span><span class=\"fontstyle0\">le <\/span><span class=\"fontstyle0\">proprie <\/span><span class=\"fontstyle0\">scelte <\/span><span class=\"fontstyle0\">strategiche di gestione in merito <\/span><span class=\"fontstyle0\">allo <\/span><span class=\"fontstyle0\">svolgimento <\/span><span class=\"fontstyle0\">della <\/span><span class=\"fontstyle0\">propria attivit\u00e0 imprenditoriale e che, <\/span><span class=\"fontstyle0\">pertanto, <\/span><span class=\"fontstyle0\">l&#8217;atteggiarsi dei rapporti negoziali determini una radicale e stabile traslazione <\/span><span class=\"fontstyle0\">all&#8217;esterno della <\/span><span class=\"fontstyle0\">societ\u00e0 <\/span><span class=\"fontstyle0\">del potere <\/span><span class=\"fontstyle0\">di direzione dell&#8217;attivit\u00e0 sociale, <\/span><span class=\"fontstyle0\">tale da <\/span><span class=\"fontstyle0\">trasformare <\/span><span class=\"fontstyle0\">Luna <\/span><span class=\"fontstyle0\">societ\u00e0 in una <\/span><span class=\"fontstyle0\">sorta <\/span><span class=\"fontstyle0\">di mera <\/span><span class=\"fontstyle0\">succursale dell&#8217;altra contraente. In <\/span><span class=\"fontstyle0\">assenza di prova di una <\/span><span class=\"fontstyle0\">tale <\/span><span class=\"fontstyle0\">ingerenza <\/span><span class=\"fontstyle0\">strutturale <\/span><span class=\"fontstyle0\">e di un <\/span><span class=\"fontstyle0\">danno <\/span><span class=\"fontstyle0\">specifico, non \u00e8 configurabile alcuna responsabilit\u00e0 risarcitoria.<\/span><\/p>\n<p style=\"text-align: justify;\"><span class=\"fontstyle0\">La pretesa <\/span><span class=\"fontstyle0\">risarcitoria fondata su un&#8217;allegazione di <\/span><span class=\"fontstyle0\">abuso <\/span><span class=\"fontstyle0\">di dipendenza economica <\/span><span class=\"fontstyle0\">deve <\/span><span class=\"fontstyle0\">essere inquadrata <\/span><span class=\"fontstyle0\">nel <\/span><span class=\"fontstyle0\">regime <\/span><span class=\"fontstyle0\">della <\/span><span class=\"fontstyle0\">responsabilit\u00e0 <\/span><span class=\"fontstyle0\">contrattuale.<\/span><\/p>\n","protected":false},"excerpt":{"rendered":"<p>L&#8217;attivit\u00e0 di direzione e coordinamento (D&amp;C) \u00e8 stata introdotta nel Codice Civile, dall\u2019art. 5 del D. Lgs 17\/1\/2003 n. 6. Di norma, la fattispecie evoca il \u201cgruppo\u201d societario, ossia una realt\u00e0 complessa ed articolata nella quale, in diverse forme, pi\u00f9 societ\u00e0 agiscono in modo tra loro coordinato. Tuttavia\u00a0l\u2019attivit\u00e0 di \u201cdirezione e coordinamento di societ\u00e0\u201d pu\u00f2 [&hellip;]<\/p>\n","protected":false},"author":2,"featured_media":0,"comment_status":"closed","ping_status":"closed","sticky":false,"template":"","format":"standard","meta":{"footnotes":""},"categories":[1],"tags":[],"class_list":["post-793","post","type-post","status-publish","format-standard","hentry","category-tutto"],"_links":{"self":[{"href":"https:\/\/servizilegali.org\/index.php?rest_route=\/wp\/v2\/posts\/793","targetHints":{"allow":["GET"]}}],"collection":[{"href":"https:\/\/servizilegali.org\/index.php?rest_route=\/wp\/v2\/posts"}],"about":[{"href":"https:\/\/servizilegali.org\/index.php?rest_route=\/wp\/v2\/types\/post"}],"author":[{"embeddable":true,"href":"https:\/\/servizilegali.org\/index.php?rest_route=\/wp\/v2\/users\/2"}],"replies":[{"embeddable":true,"href":"https:\/\/servizilegali.org\/index.php?rest_route=%2Fwp%2Fv2%2Fcomments&post=793"}],"version-history":[{"count":2,"href":"https:\/\/servizilegali.org\/index.php?rest_route=\/wp\/v2\/posts\/793\/revisions"}],"predecessor-version":[{"id":795,"href":"https:\/\/servizilegali.org\/index.php?rest_route=\/wp\/v2\/posts\/793\/revisions\/795"}],"wp:attachment":[{"href":"https:\/\/servizilegali.org\/index.php?rest_route=%2Fwp%2Fv2%2Fmedia&parent=793"}],"wp:term":[{"taxonomy":"category","embeddable":true,"href":"https:\/\/servizilegali.org\/index.php?rest_route=%2Fwp%2Fv2%2Fcategories&post=793"},{"taxonomy":"post_tag","embeddable":true,"href":"https:\/\/servizilegali.org\/index.php?rest_route=%2Fwp%2Fv2%2Ftags&post=793"}],"curies":[{"name":"wp","href":"https:\/\/api.w.org\/{rel}","templated":true}]}}